{"id":13548,"date":"2026-04-20T16:01:26","date_gmt":"2026-04-20T14:01:26","guid":{"rendered":"https:\/\/sybiracy.edu.pl\/?p=13548"},"modified":"2026-04-20T16:01:26","modified_gmt":"2026-04-20T14:01:26","slug":"wyniki-xxiii-miedzyszkolnego-konkursu-recytatorskiego-poezji-sybirackiej-im-mariana-jonkajtysa","status":"publish","type":"post","link":"https:\/\/sybiracy.edu.pl\/index.php\/2026\/04\/20\/wyniki-xxiii-miedzyszkolnego-konkursu-recytatorskiego-poezji-sybirackiej-im-mariana-jonkajtysa\/","title":{"rendered":"Wyniki XXIII Mi\u0119dzyszkolnego Konkursu Recytatorskiego Poezji Sybirackiej im. Mariana Jonkajtysa"},"content":{"rendered":"\n<p><strong><u>Wyniki Konkursu<\/u><\/strong><\/p>\n\n\n\n<p><strong>17 kwietnia 2026 r. &nbsp;odby\u0142 si\u0119 w naszej szkole XXIII Mi\u0119dzyszkolny Konkurs Recytatorski Poezji Sybirackiej im. Mariana Jonkajtysa.<\/strong><\/p>\n\n\n\n<p>W Konkursie wzi\u0119\u0142o udzia\u0142 36 &nbsp;uczestnik\u00f3w z Nowego S\u0105cza i z powiatu nowos\u0105deckiego.<\/p>\n\n\n\n<p>Serdecznie dzi\u0119kujemy Wszystkim uczestnikom i Ich Opiekunom!<\/p>\n\n\n\n<p>Dzi\u0119kujemy Prezydentowi Miasta Nowego S\u0105cza &#8211; Panu Ludomirowi Handzeli, kt\u00f3ry obj\u0105\u0142 Honorowym Patronatem nasz konkurs i przekaza\u0142 r\u00f3wnie\u017c nagrody dla finalist\u00f3w. Szczeg\u00f3lne podzi\u0119kowania kierujemy do Rady Rodzic\u00f3w, kt\u00f3ra w znacz\u0105cy spos\u00f3b wspar\u0142a inicjatyw\u0119 przyczyniaj\u0105c si\u0119 do poszerzenia wiedzy o Golgocie Wschodu, o naszym Patronie \u2013 Sybirakach.<\/p>\n\n\n\n<p><strong>Lista laureat\u00f3w:<\/strong><\/p>\n\n\n\n<p><strong><u>Laureaci w kategorii szko\u0142a podstawowa, klasy I do IV:<\/u><\/strong><\/p>\n\n\n\n<p><strong>I miejsce<\/strong>: &nbsp;&nbsp;&nbsp;&nbsp;&nbsp; Magdalena Musia\u0142, kl. 4&nbsp; ze Szko\u0142y Podstawowej w Korzennej,<\/p>\n\n\n\n<p><strong>II miejsce<\/strong>: &nbsp;&nbsp;&nbsp;&nbsp; Malwina Pytel, kl. 3 ze Szko\u0142y Podstawowej im. T. Ko\u015bciuszki nr 9<\/p>\n\n\n\n<p>&nbsp;&nbsp;&nbsp;&nbsp;&nbsp;&nbsp;&nbsp;&nbsp;&nbsp;&nbsp;&nbsp;&nbsp;&nbsp;&nbsp;&nbsp;&nbsp;&nbsp;&nbsp;&nbsp;&nbsp;&nbsp;&nbsp;&nbsp; &nbsp;w Nowym S\u0105czu,<\/p>\n\n\n\n<p><strong>III miejsce: &nbsp;&nbsp;&nbsp;<\/strong>Gabriela Mordarska, kl. 4&nbsp; ze Szko\u0142y Podstawowej nr 1 w Nowym S\u0105czu,<\/p>\n\n\n\n<p><strong>Wyr\u00f3\u017cnienie: <\/strong>&nbsp;Zuzanna \u015aliwa, kl. 2&nbsp; &nbsp;ze Szko\u0142y Podstawowej nr 3 w Nowym S\u0105czu,<\/p>\n\n\n\n<p><strong>Wyr\u00f3\u017cnienie: <\/strong>&nbsp;Gabriela Karpiel, kl. 4 &nbsp;ze Szko\u0142y Podstawowej nr 17 w Nowym S\u0105czu,<\/p>\n\n\n\n<p><strong><u>Laureaci w kategorii szko\u0142a podstawowa, klasy V do VIII:<\/u><\/strong><\/p>\n\n\n\n<p><strong>I miejsce<\/strong>: &nbsp;&nbsp;&nbsp;&nbsp;&nbsp; Emilia Pytel, kl. 5&nbsp; ze Szko\u0142y Podstawowej nr 9 w Nowym S\u0105czu,<\/p>\n\n\n\n<p><strong>II miejsce<\/strong>: &nbsp;&nbsp;&nbsp;&nbsp; Izabela Skowron, kl.7 &nbsp;ze Szko\u0142y Podstawowej w \u0141omnicy Zdroju,<\/p>\n\n\n\n<p><strong>III miejsce<\/strong>:&nbsp;&nbsp;&nbsp; Kamila Ko\u0142odziejczyk, kl. 7 &nbsp;&nbsp;z Zespo\u0142u Szkolno-Przedszkolnego<\/p>\n\n\n\n<p>&nbsp;&nbsp;&nbsp;&nbsp;&nbsp;&nbsp;&nbsp;&nbsp;&nbsp;&nbsp;&nbsp;&nbsp;&nbsp;&nbsp;&nbsp;&nbsp;&nbsp;&nbsp;&nbsp;&nbsp;&nbsp;&nbsp;&nbsp; &nbsp;nr 8 w&nbsp; Nowym S\u0105czu,<\/p>\n\n\n\n<p><strong>Wyr\u00f3\u017cnienie:<\/strong> Miko\u0142aj Romul-Pomiet\u0142o, kl.6 ze Szko\u0142y Podstawowej nr 1 w Nowym S\u0105czu,<\/p>\n\n\n\n<p><strong>Wyr\u00f3\u017cnienie:<\/strong> Kamila Krasi\u0144ska, kl. 6 ze Szko\u0142y Podstawowej w Korzennej,<\/p>\n\n\n\n<p><strong>Wyr\u00f3\u017cnienie:<\/strong> Kacper Z\u0142ocki, kl. 5 ze Szko\u0142y Podstawowej &nbsp;nr 16 w Nowym S\u0105czu.<\/p>\n\n\n\n<p><strong><u>Specjalne Wyr\u00f3\u017cnienie Prezes Stowarzyszenia Pami\u0119ci Zes\u0142anych na Sybir <\/u><\/strong>&nbsp;<\/p>\n\n\n\n<p>dla Matyldy Wo\u0142\u0105cewicz, kl. 3 z Zespo\u0142u Szkolno-Przedszkolnego nr 3 w Nowym S\u0105czu.<\/p>\n\n\n\n<p><strong><u>Laureaci w kategorii Szko\u0142a Ponadpodstawowa:<\/u><\/strong><\/p>\n\n\n\n<p><strong>I miejsce:&nbsp;&nbsp;&nbsp;&nbsp;&nbsp;&nbsp; <\/strong>Przemys\u0142aw Najduch, kl. 2 &nbsp;z Zespo\u0142u Szk\u00f3\u0142 nr 2 im. Sybirak\u00f3w.<\/p>\n\n\n\n<p><strong>II miejsce<\/strong>: &nbsp;&nbsp;&nbsp;&nbsp; Wiktoria \u017belazko, kl. 1 &nbsp;z I LO w Nowym S\u0105czu,<\/p>\n\n\n\n<p><strong>III miejsce: &nbsp;&nbsp; <\/strong>Weronika Tokarczyk, kl. 3 z Zespo\u0142u Szk\u00f3\u0142 Ekonomicznych w &nbsp;Nowym S\u0105czu,<\/p>\n\n\n\n<p><strong>Wyr\u00f3\u017cnienie: <\/strong>Andrzej Szafra\u0144ski, kl. 3 z Technikum Budowlanego &nbsp;w Zespole&nbsp; Szk\u00f3\u0142 &nbsp; &nbsp;&nbsp;&nbsp;&nbsp;&nbsp;&nbsp;&nbsp;&nbsp;&nbsp;&nbsp;&nbsp;&nbsp;&nbsp;&nbsp;&nbsp;&nbsp;&nbsp;&nbsp;&nbsp;&nbsp;&nbsp;&nbsp;&nbsp; Budowlanych w Nowym S\u0105czu,<\/p>\n\n\n\n<p>&nbsp;<strong>Wyr\u00f3\u017cnienie: <\/strong>&nbsp;Zuzanna Tokarczyk, kl. 1 w II LO &nbsp;&nbsp;w&nbsp; Nowym S\u0105czu,<\/p>\n\n\n\n<p><strong>Wszystkim laureatom serdecznie gratulujemy i zapraszamy w przysz\u0142ym roku<\/strong> <strong>na XXIV\u00a0 Mi\u0119dzyszkolny Konkurs Recytatorski Poezji Sybirackiej<\/strong> <strong>\u00a0im. Mariana Jonkajtysa.<\/strong><\/p>\n","protected":false},"excerpt":{"rendered":"<p>Wyniki Konkursu 17 kwietnia 2026 r. &nbsp;odby\u0142 si\u0119 w naszej szkole XXIII Mi\u0119dzyszkolny Konkurs Recytatorski Poezji Sybirackiej im. Mariana Jonkajtysa. W Konkursie wzi\u0119\u0142o udzia\u0142 36 &nbsp;uczestnik\u00f3w z Nowego S\u0105cza i z powiatu nowos\u0105deckiego. Serdecznie dzi\u0119kujemy Wszystkim uczestnikom i Ich Opiekunom! Dzi\u0119kujemy Prezydentowi Miasta Nowego S\u0105cza &#8211; Panu Ludomirowi Handzeli, kt\u00f3ry obj\u0105\u0142 Honorowym Patronatem nasz konkurs i przekaza\u0142 r\u00f3wnie\u017c nagrody dla finalist\u00f3w. Szczeg\u00f3lne podzi\u0119kowania kierujemy do Rady Rodzic\u00f3w, kt\u00f3ra w znacz\u0105cy spos\u00f3b wspar\u0142a inicjatyw\u0119 przyczyniaj\u0105c si\u0119 do poszerzenia wiedzy o Golgocie Wschodu, o naszym Patronie \u2013 Sybirakach. Lista laureat\u00f3w: Laureaci w kategorii szko\u0142a podstawowa, klasy I do IV: I miejsce: &nbsp;&nbsp;&nbsp;&nbsp;&nbsp; Magdalena Musia\u0142, kl. 4&nbsp; ze Szko\u0142y Podstawowej w Korzennej, II miejsce: &nbsp;&nbsp;&nbsp;&nbsp; Malwina Pytel, kl. 3 ze Szko\u0142y Podstawowej im. T. Ko\u015bciuszki nr 9 &nbsp;&nbsp;&nbsp;&nbsp;&nbsp;&nbsp;&nbsp;&nbsp;&nbsp;&nbsp;&nbsp;&nbsp;&nbsp;&nbsp;&nbsp;&nbsp;&nbsp;&nbsp;&nbsp;&nbsp;&nbsp;&nbsp;&nbsp; &nbsp;w Nowym S\u0105czu, III miejsce: &nbsp;&nbsp;&nbsp;Gabriela Mordarska, kl. 4&nbsp; ze Szko\u0142y Podstawowej nr 1 w Nowym S\u0105czu, Wyr\u00f3\u017cnienie: &nbsp;Zuzanna \u015aliwa, kl. 2&nbsp; &nbsp;ze Szko\u0142y Podstawowej nr 3 w Nowym S\u0105czu, Wyr\u00f3\u017cnienie: &nbsp;Gabriela Karpiel, kl. 4 &nbsp;ze Szko\u0142y Podstawowej nr 17 w Nowym S\u0105czu, Laureaci w kategorii szko\u0142a podstawowa, klasy V do VIII: I miejsce: &nbsp;&nbsp;&nbsp;&nbsp;&nbsp; Emilia Pytel, kl. 5&nbsp; ze Szko\u0142y Podstawowej nr 9 w Nowym S\u0105czu, II miejsce: &nbsp;&nbsp;&nbsp;&nbsp; Izabela Skowron, kl.7 &nbsp;ze Szko\u0142y Podstawowej w \u0141omnicy Zdroju, III miejsce:&nbsp;&nbsp;&nbsp; Kamila Ko\u0142odziejczyk, kl. 7 &nbsp;&nbsp;z Zespo\u0142u Szkolno-Przedszkolnego &nbsp;&nbsp;&nbsp;&nbsp;&nbsp;&nbsp;&nbsp;&nbsp;&nbsp;&nbsp;&nbsp;&nbsp;&nbsp;&nbsp;&nbsp;&nbsp;&nbsp;&nbsp;&nbsp;&nbsp;&nbsp;&nbsp;&nbsp; &nbsp;nr 8 w&nbsp; Nowym S\u0105czu, Wyr\u00f3\u017cnienie: Miko\u0142aj Romul-Pomiet\u0142o, kl.6 ze Szko\u0142y Podstawowej nr 1 w Nowym S\u0105czu, Wyr\u00f3\u017cnienie: Kamila Krasi\u0144ska, kl. 6 ze Szko\u0142y Podstawowej w Korzennej, Wyr\u00f3\u017cnienie: Kacper Z\u0142ocki, kl. 5 ze Szko\u0142y Podstawowej &nbsp;nr 16 w Nowym S\u0105czu. Specjalne Wyr\u00f3\u017cnienie Prezes Stowarzyszenia Pami\u0119ci Zes\u0142anych na Sybir &nbsp; dla Matyldy Wo\u0142\u0105cewicz, kl. 3 z Zespo\u0142u Szkolno-Przedszkolnego nr 3 w Nowym S\u0105czu. Laureaci w kategorii Szko\u0142a Ponadpodstawowa: I miejsce:&nbsp;&nbsp;&nbsp;&nbsp;&nbsp;&nbsp; Przemys\u0142aw Najduch, kl. 2 &nbsp;z Zespo\u0142u Szk\u00f3\u0142 nr 2 im. Sybirak\u00f3w. II miejsce: &nbsp;&nbsp;&nbsp;&nbsp; Wiktoria \u017belazko, kl. 1 &nbsp;z I LO w Nowym S\u0105czu, III miejsce: &nbsp;&nbsp; Weronika Tokarczyk, kl. 3 z Zespo\u0142u Szk\u00f3\u0142 Ekonomicznych w &nbsp;Nowym S\u0105czu, Wyr\u00f3\u017cnienie: Andrzej Szafra\u0144ski, kl. 3 z Technikum Budowlanego &nbsp;w Zespole&nbsp; Szk\u00f3\u0142 &nbsp; &nbsp;&nbsp;&nbsp;&nbsp;&nbsp;&nbsp;&nbsp;&nbsp;&nbsp;&nbsp;&nbsp;&nbsp;&nbsp;&nbsp;&nbsp;&nbsp;&nbsp;&nbsp;&nbsp;&nbsp;&nbsp;&nbsp;&nbsp; Budowlanych w Nowym S\u0105czu, &nbsp;Wyr\u00f3\u017cnienie: &nbsp;Zuzanna Tokarczyk, kl. 1 w II LO &nbsp;&nbsp;w&nbsp; Nowym S\u0105czu, Wszystkim laureatom serdecznie gratulujemy i zapraszamy w przysz\u0142ym roku na XXIV\u00a0 Mi\u0119dzyszkolny Konkurs Recytatorski Poezji Sybirackiej \u00a0im. Mariana Jonkajtysa.<\/p>\n","protected":false},"author":2,"featured_media":0,"comment_status":"closed","ping_status":"","sticky":false,"template":"","format":"standard","meta":{"ngg_post_thumbnail":0,"footnotes":""},"categories":[1],"tags":[],"class_list":["post-13548","post","type-post","status-publish","format-standard","hentry","category-bez-kategorii"],"_links":{"self":[{"href":"https:\/\/sybiracy.edu.pl\/index.php\/wp-json\/wp\/v2\/posts\/13548","targetHints":{"allow":["GET"]}}],"collection":[{"href":"https:\/\/sybiracy.edu.pl\/index.php\/wp-json\/wp\/v2\/posts"}],"about":[{"href":"https:\/\/sybiracy.edu.pl\/index.php\/wp-json\/wp\/v2\/types\/post"}],"author":[{"embeddable":true,"href":"https:\/\/sybiracy.edu.pl\/index.php\/wp-json\/wp\/v2\/users\/2"}],"replies":[{"embeddable":true,"href":"https:\/\/sybiracy.edu.pl\/index.php\/wp-json\/wp\/v2\/comments?post=13548"}],"version-history":[{"count":1,"href":"https:\/\/sybiracy.edu.pl\/index.php\/wp-json\/wp\/v2\/posts\/13548\/revisions"}],"predecessor-version":[{"id":13549,"href":"https:\/\/sybiracy.edu.pl\/index.php\/wp-json\/wp\/v2\/posts\/13548\/revisions\/13549"}],"wp:attachment":[{"href":"https:\/\/sybiracy.edu.pl\/index.php\/wp-json\/wp\/v2\/media?parent=13548"}],"wp:term":[{"taxonomy":"category","embeddable":true,"href":"https:\/\/sybiracy.edu.pl\/index.php\/wp-json\/wp\/v2\/categories?post=13548"},{"taxonomy":"post_tag","embeddable":true,"href":"https:\/\/sybiracy.edu.pl\/index.php\/wp-json\/wp\/v2\/tags?post=13548"}],"curies":[{"name":"wp","href":"https:\/\/api.w.org\/{rel}","templated":true}]}}